{"id":3879,"date":"2025-12-10T08:00:03","date_gmt":"2025-12-10T07:00:03","guid":{"rendered":"https:\/\/www.seepferde-unna.de\/?p=3879"},"modified":"2025-12-14T14:24:35","modified_gmt":"2025-12-14T13:24:35","slug":"fackelschwimmen-mit-dem-tsc-luenen","status":"publish","type":"post","link":"https:\/\/www.seepferde-unna.de\/index.php\/2025\/12\/10\/fackelschwimmen-mit-dem-tsc-luenen\/","title":{"rendered":"Fackelschwimmen mit dem TSC L\u00fcnen"},"content":{"rendered":"\n\n\n<p><strong>Update 14.12.2025:<\/strong><br \/>Wie man an den Fotos unschwer erkennt, haben sich einige Seepferde mutig mit ihren Fackeln in die Lippe gest\u00fcrzt und unerschrocken am Fackelschwimmen teilgenommen.\u00a0<br \/>Auf der anschlie\u00dfenden Party haben sich wohl alle gut aufgew\u00e4rmt und auch den Forstschutz wieder aufgef\u00fcllt.<br \/>Diese Veranstaltung haben wir auf jeden Fall auf den Veranstaltungskalender der Seepferde gesetzt und hoffen darauf im n\u00e4chsten Jahr vielleicht ein eigenes Flo\u00df beisteuern zu k\u00f6nnen.<br \/>&#8212;-\u00a0<br \/>Der TSC L\u00fcnen hat uns zu seinem traditionellen Fackelschwimmen am 13.12.2025 eingeladen.<\/p>\n<p>Wer an der Veranstaltung teilnehmen m\u00f6chte, kann sich direkt bei Peter Dobslaw oder via Mail an <a href=\"mailto:vorsitzender@seepferde-unna.de\" target=\"_blank\" rel=\"noreferrer noopener\" data-type=\"mailto\">Vorsitzender<\/a> anmelden.<\/p>\n<p>Hier k\u00f6nnt ihr die Ausschreibung des TSC L\u00fcnen herunterladen:\u00a0<a href=\"https:\/\/www.seepferde-unna.de\/wp-content\/uploads\/2025\/10\/202510xx-Ausschreibung_Fackelschwimmen.pdf\">202510xx-Ausschreibung_Fackelschwimmen.pdf<\/a>\u00a0<\/p>\n\n\n\n\n","protected":false},"excerpt":{"rendered":"<p>Update 14.12.2025:Wie man an den Fotos unschwer erkennt, haben sich einige Seepferde mutig mit ihren Fackeln in die Lippe gest\u00fcrzt [&hellip;]<\/p>\n","protected":false},"author":1,"featured_media":3934,"comment_status":"closed","ping_status":"closed","sticky":false,"template":"","format":"standard","meta":{"footnotes":""},"categories":[6,5],"tags":[35],"class_list":["post-3879","post","type-post","status-publish","format-standard","has-post-thumbnail","hentry","category-newsletter","category-startseite","tag-vereinsveranstaltungen"],"_links":{"self":[{"href":"https:\/\/www.seepferde-unna.de\/index.php\/wp-json\/wp\/v2\/posts\/3879","targetHints":{"allow":["GET"]}}],"collection":[{"href":"https:\/\/www.seepferde-unna.de\/index.php\/wp-json\/wp\/v2\/posts"}],"about":[{"href":"https:\/\/www.seepferde-unna.de\/index.php\/wp-json\/wp\/v2\/types\/post"}],"author":[{"embeddable":true,"href":"https:\/\/www.seepferde-unna.de\/index.php\/wp-json\/wp\/v2\/users\/1"}],"replies":[{"embeddable":true,"href":"https:\/\/www.seepferde-unna.de\/index.php\/wp-json\/wp\/v2\/comments?post=3879"}],"version-history":[{"count":4,"href":"https:\/\/www.seepferde-unna.de\/index.php\/wp-json\/wp\/v2\/posts\/3879\/revisions"}],"predecessor-version":[{"id":3935,"href":"https:\/\/www.seepferde-unna.de\/index.php\/wp-json\/wp\/v2\/posts\/3879\/revisions\/3935"}],"wp:featuredmedia":[{"embeddable":true,"href":"https:\/\/www.seepferde-unna.de\/index.php\/wp-json\/wp\/v2\/media\/3934"}],"wp:attachment":[{"href":"https:\/\/www.seepferde-unna.de\/index.php\/wp-json\/wp\/v2\/media?parent=3879"}],"wp:term":[{"taxonomy":"category","embeddable":true,"href":"https:\/\/www.seepferde-unna.de\/index.php\/wp-json\/wp\/v2\/categories?post=3879"},{"taxonomy":"post_tag","embeddable":true,"href":"https:\/\/www.seepferde-unna.de\/index.php\/wp-json\/wp\/v2\/tags?post=3879"}],"curies":[{"name":"wp","href":"https:\/\/api.w.org\/{rel}","templated":true}]}}